{"id":1600,"date":"2025-01-23T07:48:37","date_gmt":"2025-01-23T12:48:37","guid":{"rendered":"https:\/\/biblioteca.utc.edu.ec\/?p=1600"},"modified":"2025-01-23T07:51:28","modified_gmt":"2025-01-23T12:51:28","slug":"%f0%9f%8c%9f%e2%9c%a8-xxiv-aniversario-de-avegid-y-aigid-un-encuentro-de-innovacion-y-conocimiento-%e2%9c%a8%f0%9f%8c%9f","status":"publish","type":"post","link":"https:\/\/biblioteca.utc.edu.ec\/?p=1600","title":{"rendered":"\ud83c\udf1f\u2728 XXIV Aniversario de AVEGID y AIGID &#8211; Un Encuentro de Innovaci\u00f3n y Conocimiento \u2728\ud83c\udf1f"},"content":{"rendered":"\n<figure class=\"wp-block-image size-full\"><img fetchpriority=\"high\" decoding=\"async\" width=\"724\" height=\"198\" src=\"https:\/\/biblioteca.utc.edu.ec\/wp-content\/uploads\/2025\/01\/avegid.png\" alt=\"\" class=\"wp-image-1601\" srcset=\"https:\/\/biblioteca.utc.edu.ec\/wp-content\/uploads\/2025\/01\/avegid.png 724w, https:\/\/biblioteca.utc.edu.ec\/wp-content\/uploads\/2025\/01\/avegid-300x82.png 300w\" sizes=\"(max-width: 724px) 100vw, 724px\" \/><\/figure>\n\n\n\n<p>La <strong>Asociaci\u00f3n Venezolana de Gesti\u00f3n de Investigaci\u00f3n y Desarrollo (AVEGID)<\/strong> y la <strong>Asociaci\u00f3n Internacional de Gesti\u00f3n de Investigaci\u00f3n y Desarrollo (AIGID)<\/strong> celebran su <strong>XXIV aniversario<\/strong> con un evento imperdible los d\u00edas <strong>29 y 30 de enero de 2025<\/strong>, bajo un formato h\u00edbrido.<\/p>\n\n\n\n<p>\u25b6 <strong>Modalidad:<\/strong><\/p>\n\n\n\n<ul class=\"wp-block-list\">\n<li><strong>Presencial:<\/strong> Audit\u00f3rium Enrique Ferm\u00edn V\u00e1squez, Asociaci\u00f3n de Profesores APUCV-IPP, Universidad Central de Venezuela (UCV), Chaguaramos &#8211; Caracas.<\/li>\n\n\n\n<li><strong>Virtual:<\/strong> A trav\u00e9s de la plataforma Zoom: <a href=\"https:\/\/us02web.zoom.us\/j\/6861772566\">https:\/\/us02web.zoom.us\/j\/6861772566<\/a> (ID: 6861772566).<\/li>\n<\/ul>\n\n\n\n<p>\u25b6 <strong>Tem\u00e1ticas destacadas:<\/strong><\/p>\n\n\n\n<ul class=\"wp-block-list\">\n<li><strong>Humanizaci\u00f3n de la Inteligencia Artificial.<\/strong><\/li>\n\n\n\n<li><strong>Educaci\u00f3n y capacitaci\u00f3n en tecnolog\u00eda.<\/strong><\/li>\n\n\n\n<li><strong>\u00c9tica y responsabilidad en la era digital.<\/strong><\/li>\n\n\n\n<li><strong>Innovaci\u00f3n en la investigaci\u00f3n y redes acad\u00e9micas.<\/strong><\/li>\n<\/ul>\n\n\n\n<p>\u25b6 <strong>Panelistas de renombre:<\/strong> El evento contar\u00e1 con la participaci\u00f3n de destacados expertos internacionales, entre ellos:<\/p>\n\n\n\n<ul class=\"wp-block-list\">\n<li><strong>Dr. Maxime Masson (Francia):<\/strong> Estrategias \u00f3ptimas para realizar an\u00e1lisis multiling\u00fces en el \u00e1mbito del turismo.<\/li>\n\n\n\n<li><strong>Dr. Fernando Galindo Soria (M\u00e9xico):<\/strong> Estrategias de IA que impactan a la humanidad.<\/li>\n\n\n\n<li><strong>Dr. Juan Javier Sarell (Venezuela):<\/strong> \u00c9tica y responsabilidad en la era de la inteligencia artificial.<\/li>\n\n\n\n<li><strong>Dr. Genaro Mosquera Castellanos (EE.UU.):<\/strong> Innovaci\u00f3n y patrones de conducta en la IA.<\/li>\n<\/ul>\n\n\n\n<p>\u25b6 <strong>Agenda Destacada &#8211; 29 de enero de 2025:<\/strong><\/p>\n\n\n\n<ul class=\"wp-block-list\">\n<li><strong>10:30 AM:<\/strong> Instalaci\u00f3n y bienvenida a cargo de la Dra. Migdalia C. Perozo Bracho, presidenta de AVEGID-AIGID.<\/li>\n\n\n\n<li><strong>10:45 AM:<\/strong> Foro: \u00abHumanizaci\u00f3n de la Inteligencia Artificial\u00bb.<\/li>\n\n\n\n<li><strong>02:00 PM:<\/strong> Taller de investigaci\u00f3n y redes acad\u00e9micas.<\/li>\n\n\n\n<li><strong>03:00 PM:<\/strong> Articulaci\u00f3n entre \u00e9tica, ciencia y tecnolog\u00eda.<\/li>\n<\/ul>\n\n\n\n<p>\u25b6 <strong>Agenda Destacada &#8211; 30 de enero de 2025:<\/strong><\/p>\n\n\n\n<ul class=\"wp-block-list\">\n<li><strong>11:00 AM:<\/strong> Taller sobre impacto social, educaci\u00f3n y capacitaci\u00f3n.<\/li>\n\n\n\n<li><strong>12:15 PM:<\/strong> Ecosistema de gesti\u00f3n de aprendizaje inmersivo (LMS I2).<\/li>\n\n\n\n<li><strong>03:15 PM:<\/strong> Asamblea anual.<\/li>\n<\/ul>\n\n\n\n<p>\u2728 <strong>\u00a1No te pierdas esta oportunidad de ampliar tus conocimientos y conectar con expertos de todo el mundo!<\/strong> \u2728<\/p>\n\n\n\n<!DOCTYPE html>\n<html lang=\"es\">\n<head>\n    <meta charset=\"UTF-8\">\n    <meta name=\"viewport\" content=\"width=device-width, initial-scale=1.0\">\n    <title>Incrustar PDF<\/title>\n<\/head>\n<body>\n    <h3>Programa:<\/h3>\n    <iframe src=\"https:\/\/biblioteca.utc.edu.ec\/wp-content\/uploads\/2025\/01\/ProgramaAVEGID.pdf\" width=\"100%\" height=\"600px\">\n        Este navegador no soporta iframes.\n    <\/iframe>\n<\/body>\n<\/html>\n\n\n\n<p><\/p>\n","protected":false},"excerpt":{"rendered":"<p>La Asociaci\u00f3n Venezolana de Gesti\u00f3n de Investigaci\u00f3n y Desarrollo (AVEGID) y la Asociaci\u00f3n Internacional de Gesti\u00f3n de Investigaci\u00f3n y Desarrollo [&hellip;]<\/p>\n","protected":false},"author":1,"featured_media":1601,"comment_status":"open","ping_status":"open","sticky":false,"template":"","format":"standard","meta":{"_eb_attr":"","site-sidebar-layout":"default","site-content-layout":"","ast-site-content-layout":"","site-content-style":"default","site-sidebar-style":"default","ast-global-header-display":"","ast-banner-title-visibility":"","ast-main-header-display":"","ast-hfb-above-header-display":"","ast-hfb-below-header-display":"","ast-hfb-mobile-header-display":"","site-post-title":"","ast-breadcrumbs-content":"","ast-featured-img":"","footer-sml-layout":"","theme-transparent-header-meta":"","adv-header-id-meta":"","stick-header-meta":"","header-above-stick-meta":"","header-main-stick-meta":"","header-below-stick-meta":"","astra-migrate-meta-layouts":"default","ast-page-background-enabled":"default","ast-page-background-meta":{"desktop":{"background-color":"var(--ast-global-color-4)","background-image":"","background-repeat":"repeat","background-position":"center center","background-size":"auto","background-attachment":"scroll","background-type":"","background-media":"","overlay-type":"","overlay-color":"","overlay-opacity":"","overlay-gradient":""},"tablet":{"background-color":"","background-image":"","background-repeat":"repeat","background-position":"center center","background-size":"auto","background-attachment":"scroll","background-type":"","background-media":"","overlay-type":"","overlay-color":"","overlay-opacity":"","overlay-gradient":""},"mobile":{"background-color":"","background-image":"","background-repeat":"repeat","background-position":"center center","background-size":"auto","background-attachment":"scroll","background-type":"","background-media":"","overlay-type":"","overlay-color":"","overlay-opacity":"","overlay-gradient":""}},"ast-content-background-meta":{"desktop":{"background-color":"var(--ast-global-color-5)","background-image":"","background-repeat":"repeat","background-position":"center center","background-size":"auto","background-attachment":"scroll","background-type":"","background-media":"","overlay-type":"","overlay-color":"","overlay-opacity":"","overlay-gradient":""},"tablet":{"background-color":"var(--ast-global-color-5)","background-image":"","background-repeat":"repeat","background-position":"center center","background-size":"auto","background-attachment":"scroll","background-type":"","background-media":"","overlay-type":"","overlay-color":"","overlay-opacity":"","overlay-gradient":""},"mobile":{"background-color":"var(--ast-global-color-5)","background-image":"","background-repeat":"repeat","background-position":"center center","background-size":"auto","background-attachment":"scroll","background-type":"","background-media":"","overlay-type":"","overlay-color":"","overlay-opacity":"","overlay-gradient":""}},"footnotes":""},"categories":[7],"tags":[],"class_list":["post-1600","post","type-post","status-publish","format-standard","has-post-thumbnail","hentry","category-noticias"],"_links":{"self":[{"href":"https:\/\/biblioteca.utc.edu.ec\/index.php?rest_route=\/wp\/v2\/posts\/1600","targetHints":{"allow":["GET"]}}],"collection":[{"href":"https:\/\/biblioteca.utc.edu.ec\/index.php?rest_route=\/wp\/v2\/posts"}],"about":[{"href":"https:\/\/biblioteca.utc.edu.ec\/index.php?rest_route=\/wp\/v2\/types\/post"}],"author":[{"embeddable":true,"href":"https:\/\/biblioteca.utc.edu.ec\/index.php?rest_route=\/wp\/v2\/users\/1"}],"replies":[{"embeddable":true,"href":"https:\/\/biblioteca.utc.edu.ec\/index.php?rest_route=%2Fwp%2Fv2%2Fcomments&post=1600"}],"version-history":[{"count":3,"href":"https:\/\/biblioteca.utc.edu.ec\/index.php?rest_route=\/wp\/v2\/posts\/1600\/revisions"}],"predecessor-version":[{"id":1605,"href":"https:\/\/biblioteca.utc.edu.ec\/index.php?rest_route=\/wp\/v2\/posts\/1600\/revisions\/1605"}],"wp:featuredmedia":[{"embeddable":true,"href":"https:\/\/biblioteca.utc.edu.ec\/index.php?rest_route=\/wp\/v2\/media\/1601"}],"wp:attachment":[{"href":"https:\/\/biblioteca.utc.edu.ec\/index.php?rest_route=%2Fwp%2Fv2%2Fmedia&parent=1600"}],"wp:term":[{"taxonomy":"category","embeddable":true,"href":"https:\/\/biblioteca.utc.edu.ec\/index.php?rest_route=%2Fwp%2Fv2%2Fcategories&post=1600"},{"taxonomy":"post_tag","embeddable":true,"href":"https:\/\/biblioteca.utc.edu.ec\/index.php?rest_route=%2Fwp%2Fv2%2Ftags&post=1600"}],"curies":[{"name":"wp","href":"https:\/\/api.w.org\/{rel}","templated":true}]}}