{"id":2038,"date":"2025-04-28T10:48:00","date_gmt":"2025-04-28T15:48:00","guid":{"rendered":"https:\/\/biblioteca.utc.edu.ec\/?p=2038"},"modified":"2025-04-28T10:57:40","modified_gmt":"2025-04-28T15:57:40","slug":"dia-mundial-por-la-seguridad-y-salud-en-el-trabajo-cuando-el-cuidado-se-vuelve-prioridad","status":"publish","type":"post","link":"https:\/\/biblioteca.utc.edu.ec\/?p=2038","title":{"rendered":"D\u00eda Mundial por la Seguridad y Salud en el Trabajo \u00abCuando el Cuidado se Vuelve Prioridad\u00bb"},"content":{"rendered":"\n<figure class=\"wp-block-image size-full\"><img fetchpriority=\"high\" decoding=\"async\" width=\"797\" height=\"553\" src=\"https:\/\/biblioteca.utc.edu.ec\/wp-content\/uploads\/2025\/04\/A-1.png\" alt=\"\" class=\"wp-image-2040\" srcset=\"https:\/\/biblioteca.utc.edu.ec\/wp-content\/uploads\/2025\/04\/A-1.png 797w, https:\/\/biblioteca.utc.edu.ec\/wp-content\/uploads\/2025\/04\/A-1-300x208.png 300w, https:\/\/biblioteca.utc.edu.ec\/wp-content\/uploads\/2025\/04\/A-1-768x533.png 768w\" sizes=\"(max-width: 797px) 100vw, 797px\" \/><\/figure>\n\n\n\n<p>Cada 28 de abril, el mundo entero hace una pausa para recordar una verdad fundamental: el trabajo debe ser un espacio de vida, no de riesgo. En oficinas, f\u00e1bricas, hospitales, escuelas y obras de construcci\u00f3n, la seguridad y la salud laboral se alzan como derechos que deben ser defendidos cada d\u00eda, con convicci\u00f3n y compromiso.<\/p>\n\n\n\n<p>Esta ma\u00f1ana, mientras los primeros rayos de sol iluminaban las ciudades y los campos, millones de trabajadores iniciaban sus labores con la esperanza de regresar a casa sanos y salvos. No siempre fue as\u00ed. D\u00e9cadas atr\u00e1s, la precariedad, la indiferencia y la falta de normas claras convert\u00edan muchos lugares de trabajo en zonas peligrosas, donde los accidentes eran vistos casi como parte del salario.<\/p>\n\n\n\n<p>Hoy, gracias a la conciencia forjada por luchas obreras, legislaciones protectoras y avances en la cultura organizacional, el panorama ha cambiado. No obstante, las estad\u00edsticas nos recuerdan que a\u00fan queda mucho camino por recorrer. Cada lesi\u00f3n evitada, cada vida salvada, cada ambiente m\u00e1s saludable es una victoria, pero tambi\u00e9n un recordatorio de la fragilidad humana y de la necesidad de no bajar la guardia.<\/p>\n\n\n\n<p>En este D\u00eda Mundial por la Seguridad y Salud en el Trabajo, los rostros de quienes dedican su vida a cuidar a otros \u2014los prevencionistas, m\u00e9dicos laborales, inspectores de seguridad, capacitadores\u2014 brillan con especial intensidad. Son los centinelas silenciosos que vigilan que cada norma sea cumplida, que cada procedimiento sea seguro, que cada trabajador sea valorado no solo por lo que produce, sino por lo que es: una vida preciosa.<\/p>\n\n\n\n<p>La pandemia de COVID-19 nos ense\u00f1\u00f3 que el trabajo seguro no es un lujo, sino una urgencia. Nos mostr\u00f3 tambi\u00e9n que cuidar del otro es cuidar de uno mismo, y que los protocolos, lejos de ser una carga, son herramientas de dignidad.<\/p>\n\n\n\n<p>Hoy no basta con recordar. Es necesario actuar. Desde el empresario que invierte en protecci\u00f3n adecuada, hasta el operario que respeta las normas de seguridad; desde el estudiante que aprende sobre ergonom\u00eda, hasta el supervisor que prioriza la capacitaci\u00f3n continua: todos somos responsables.<\/p>\n\n\n\n<p>La verdadera meta no es solo reducir estad\u00edsticas, sino construir una cultura de respeto, donde cada jornada laboral sea una celebraci\u00f3n silenciosa de la vida.<br>Porque detr\u00e1s de cada casco, de cada arn\u00e9s, de cada informe de riesgos, hay un coraz\u00f3n que late con sue\u00f1os, familia y futuro.<\/p>\n\n\n\n<p><strong>Hoy, m\u00e1s que nunca, cuidarnos es un acto de amor y de justicia.<\/strong><\/p>\n\n\n\n<h3 class=\"wp-block-heading\">\ud83d\udcda Recursos para seguir aprendiendo<\/h3>\n\n\n\n<p>Para profundizar en el conocimiento de la seguridad y salud en el trabajo, te invitamos a consultar los siguientes recursos disponibles en nuestra Biblioteca UTC:<\/p>\n\n\n\n<ul class=\"wp-block-list\">\n<li><strong>\u00abSalud ocupacional: conceptos b\u00e1sicos\u00bb<\/strong> de <strong>Fernando Henao Robledo<\/strong> (Ecoe Ediciones, 2010, 2.\u00aa ed.).<br>Este texto fundamental ofrece una visi\u00f3n integral sobre la historia, definiciones b\u00e1sicas y evoluci\u00f3n de la salud ocupacional. Clasificaci\u00f3n: <strong>DONACION 613.62 H493sa<\/strong>.<br>\u27a1\ufe0f <a href=\"https:\/\/catalogo.utc.edu.ec\/cgi-bin\/koha\/opac-detail.pl?biblionumber=5869\">Consulta el cat\u00e1logo aqu\u00ed<\/a>.<\/li>\n\n\n\n<li><strong>\u00abNormas legales en seguridad y salud en el trabajo\u00bb<\/strong> de <strong>Olga Lorena Cifuentes Giraldo<\/strong> (Ediciones de la U, 2.\u00aa ed.).<br>Una referencia esencial sobre la legislaci\u00f3n colombiana en seguridad laboral, disponible en formato digital.<br>\u27a1\ufe0f <a class=\"\" href=\"https:\/\/elibro.net\/es\/lc\/utcotopaxi\/titulos\/44818\">Accede en E-Libro aqu\u00ed<\/a>.<\/li>\n<\/ul>\n\n\n\n<p>Adem\u00e1s, te recomendamos revisar art\u00edculos acad\u00e9micos disponibles en Scopus que analizan buenas pr\u00e1cticas en la implementaci\u00f3n de sistemas de seguridad laboral:<\/p>\n\n\n\n<ul class=\"wp-block-list\">\n<li><a href=\"https:\/\/www.scopus.com\/record\/display.uri?eid=2-s2.0-105001864806&amp;origin=resultslist&amp;sort=plf-f&amp;src=s&amp;sot=b&amp;sdt=b&amp;s=TITLE-ABS-KEY%28Seguridad+y+la+Salud+en+el+Trabajo%29\">Art\u00edculo 1 &#8211; Seguridad y Salud en el Trabajo (Scopus)<\/a><\/li>\n\n\n\n<li><a href=\"https:\/\/www.scopus.com\/record\/display.uri?eid=2-s2.0-105000116797&amp;origin=resultslist&amp;sort=plf-f&amp;src=s&amp;sot=b&amp;sdt=b&amp;s=TITLE-ABS-KEY%28Seguridad+y+la+Salud+en+el+Trabajo%29&amp;relpos=1\">Art\u00edculo 2 &#8211; Implementaci\u00f3n de Sistemas de Gesti\u00f3n (Scopus)<\/a><\/li>\n\n\n\n<li><a href=\"https:\/\/www.scopus.com\/record\/display.uri?eid=2-s2.0-85217844366&amp;origin=resultslist&amp;sort=plf-f&amp;src=s&amp;sot=b&amp;sdt=b&amp;s=TITLE-ABS-KEY%28Seguridad+y+la+Salud+en+el+Trabajo%29&amp;relpos=2\">Art\u00edculo 3 &#8211; Retos actuales en SST (Scopus)<\/a><\/li>\n<\/ul>\n\n\n\n<p><\/p>\n","protected":false},"excerpt":{"rendered":"<p>Cada 28 de abril, el mundo entero hace una pausa para recordar una verdad fundamental: el trabajo debe ser un [&hellip;]<\/p>\n","protected":false},"author":1,"featured_media":2040,"comment_status":"open","ping_status":"open","sticky":false,"template":"","format":"standard","meta":{"_eb_attr":"","site-sidebar-layout":"default","site-content-layout":"","ast-site-content-layout":"","site-content-style":"default","site-sidebar-style":"default","ast-global-header-display":"","ast-banner-title-visibility":"","ast-main-header-display":"","ast-hfb-above-header-display":"","ast-hfb-below-header-display":"","ast-hfb-mobile-header-display":"","site-post-title":"","ast-breadcrumbs-content":"","ast-featured-img":"","footer-sml-layout":"","theme-transparent-header-meta":"","adv-header-id-meta":"","stick-header-meta":"","header-above-stick-meta":"","header-main-stick-meta":"","header-below-stick-meta":"","astra-migrate-meta-layouts":"default","ast-page-background-enabled":"default","ast-page-background-meta":{"desktop":{"background-color":"var(--ast-global-color-4)","background-image":"","background-repeat":"repeat","background-position":"center center","background-size":"auto","background-attachment":"scroll","background-type":"","background-media":"","overlay-type":"","overlay-color":"","overlay-opacity":"","overlay-gradient":""},"tablet":{"background-color":"","background-image":"","background-repeat":"repeat","background-position":"center center","background-size":"auto","background-attachment":"scroll","background-type":"","background-media":"","overlay-type":"","overlay-color":"","overlay-opacity":"","overlay-gradient":""},"mobile":{"background-color":"","background-image":"","background-repeat":"repeat","background-position":"center center","background-size":"auto","background-attachment":"scroll","background-type":"","background-media":"","overlay-type":"","overlay-color":"","overlay-opacity":"","overlay-gradient":""}},"ast-content-background-meta":{"desktop":{"background-color":"var(--ast-global-color-5)","background-image":"","background-repeat":"repeat","background-position":"center center","background-size":"auto","background-attachment":"scroll","background-type":"","background-media":"","overlay-type":"","overlay-color":"","overlay-opacity":"","overlay-gradient":""},"tablet":{"background-color":"var(--ast-global-color-5)","background-image":"","background-repeat":"repeat","background-position":"center center","background-size":"auto","background-attachment":"scroll","background-type":"","background-media":"","overlay-type":"","overlay-color":"","overlay-opacity":"","overlay-gradient":""},"mobile":{"background-color":"var(--ast-global-color-5)","background-image":"","background-repeat":"repeat","background-position":"center center","background-size":"auto","background-attachment":"scroll","background-type":"","background-media":"","overlay-type":"","overlay-color":"","overlay-opacity":"","overlay-gradient":""}},"footnotes":""},"categories":[62,1,7],"tags":[],"class_list":["post-2038","post","type-post","status-publish","format-standard","has-post-thumbnail","hentry","category-efemerides","category-informacion-general","category-noticias"],"_links":{"self":[{"href":"https:\/\/biblioteca.utc.edu.ec\/index.php?rest_route=\/wp\/v2\/posts\/2038","targetHints":{"allow":["GET"]}}],"collection":[{"href":"https:\/\/biblioteca.utc.edu.ec\/index.php?rest_route=\/wp\/v2\/posts"}],"about":[{"href":"https:\/\/biblioteca.utc.edu.ec\/index.php?rest_route=\/wp\/v2\/types\/post"}],"author":[{"embeddable":true,"href":"https:\/\/biblioteca.utc.edu.ec\/index.php?rest_route=\/wp\/v2\/users\/1"}],"replies":[{"embeddable":true,"href":"https:\/\/biblioteca.utc.edu.ec\/index.php?rest_route=%2Fwp%2Fv2%2Fcomments&post=2038"}],"version-history":[{"count":3,"href":"https:\/\/biblioteca.utc.edu.ec\/index.php?rest_route=\/wp\/v2\/posts\/2038\/revisions"}],"predecessor-version":[{"id":2043,"href":"https:\/\/biblioteca.utc.edu.ec\/index.php?rest_route=\/wp\/v2\/posts\/2038\/revisions\/2043"}],"wp:featuredmedia":[{"embeddable":true,"href":"https:\/\/biblioteca.utc.edu.ec\/index.php?rest_route=\/wp\/v2\/media\/2040"}],"wp:attachment":[{"href":"https:\/\/biblioteca.utc.edu.ec\/index.php?rest_route=%2Fwp%2Fv2%2Fmedia&parent=2038"}],"wp:term":[{"taxonomy":"category","embeddable":true,"href":"https:\/\/biblioteca.utc.edu.ec\/index.php?rest_route=%2Fwp%2Fv2%2Fcategories&post=2038"},{"taxonomy":"post_tag","embeddable":true,"href":"https:\/\/biblioteca.utc.edu.ec\/index.php?rest_route=%2Fwp%2Fv2%2Ftags&post=2038"}],"curies":[{"name":"wp","href":"https:\/\/api.w.org\/{rel}","templated":true}]}}