{"id":2061,"date":"2025-05-01T10:37:32","date_gmt":"2025-05-01T15:37:32","guid":{"rendered":"https:\/\/biblioteca.utc.edu.ec\/?p=2061"},"modified":"2025-05-01T11:24:21","modified_gmt":"2025-05-01T16:24:21","slug":"1-de-mayo-ecos-de-trabajo-historia-y-memoria","status":"publish","type":"post","link":"https:\/\/biblioteca.utc.edu.ec\/?p=2061","title":{"rendered":"1 de mayo: Ecos de trabajo, historia y memoria"},"content":{"rendered":"\n<figure class=\"wp-block-image size-large\"><img fetchpriority=\"high\" decoding=\"async\" width=\"1024\" height=\"640\" src=\"https:\/\/biblioteca.utc.edu.ec\/wp-content\/uploads\/2025\/05\/Biblioteca-1024x640.png\" alt=\"\" class=\"wp-image-2062\" srcset=\"https:\/\/biblioteca.utc.edu.ec\/wp-content\/uploads\/2025\/05\/Biblioteca-1024x640.png 1024w, https:\/\/biblioteca.utc.edu.ec\/wp-content\/uploads\/2025\/05\/Biblioteca-300x188.png 300w, https:\/\/biblioteca.utc.edu.ec\/wp-content\/uploads\/2025\/05\/Biblioteca-768x480.png 768w, https:\/\/biblioteca.utc.edu.ec\/wp-content\/uploads\/2025\/05\/Biblioteca-1536x960.png 1536w, https:\/\/biblioteca.utc.edu.ec\/wp-content\/uploads\/2025\/05\/Biblioteca.png 1920w\" sizes=\"(max-width: 1024px) 100vw, 1024px\" \/><\/figure>\n\n\n\n<p>Cada primero de mayo, las calles del mundo se visten de lucha y de dignidad. El D\u00eda Internacional del Trabajador no es solo una fecha marcada por la costumbre, sino una herida viva en la historia del trabajo que recuerda a los m\u00e1rtires de Chicago y a la clase obrera que, desde las f\u00e1bricas del siglo XIX hasta las plataformas digitales de hoy, ha tejido el pulso de las naciones.<\/p>\n\n\n\n<p>Fue la <strong>Segunda Internacional<\/strong>, en 1889, quien instituy\u00f3 oficialmente este d\u00eda como jornada de reivindicaci\u00f3n global. Desde entonces, obreros, campesinos, docentes, enfermeras y t\u00e9cnicos han salido a las plazas a recordar que detr\u00e1s de cada edificio, cada avance cient\u00edfico y cada motor en marcha, hay manos humanas que trabajan y esperan justicia.<\/p>\n\n\n\n<p>El escritor <strong>Eric Hobsbawm<\/strong>, en su libro <em>Historia del siglo XX<\/em> (<a href=\"https:\/\/catalogo.utc.edu.ec\/cgi-bin\/koha\/opac-detail.pl?biblionumber=6144&amp;query_desc=kw%2Cwrdl%3A%20Historia%20del%20siglo%20XX\">ver en cat\u00e1logo de la biblioteca<\/a>), aborda con claridad c\u00f3mo el movimiento obrero cambi\u00f3 el rostro del mundo moderno. En la misma l\u00ednea, <strong><a href=\"https:\/\/elibro.net\/es\/lc\/utcotopaxi\/busqueda_avanzada?as_contributor=Grant,__Susan-Mary&amp;as_contributor_op=unaccent__iexact\">Grant, Susan-Mary<\/a><\/strong>, con su obra <em><a href=\"https:\/\/elibro.net\/es\/lc\/utcotopaxi\/titulos\/49811?as_all=La%20otra%20historia%20de%20los%20Estados%20Unidos&amp;as_all_op=unaccent__icontains&amp;prev=as\">La otra historia de los Estados Unidos<\/a><\/em>, rescata el papel crucial de los trabajadores en la construcci\u00f3n de derechos hoy dados por sentados.<\/p>\n\n\n\n<p>Pero el 1 de mayo no habla solo de trabajo: es un d\u00eda cargado de historia. En <strong>1898<\/strong>, mientras las banderas obreras ondeaban en Europa, <strong>Espa\u00f1a firmaba el tratado de paz que pon\u00eda fin a la guerra contra Estados Unidos por Filipinas<\/strong>, cerrando un ciclo de su dominio colonial en Asia y marcando el ascenso de una nueva potencia global.<\/p>\n\n\n\n<p>D\u00e9cadas antes, un primero de mayo de <strong>1852<\/strong>, nac\u00eda <strong>Santiago Ram\u00f3n y Cajal<\/strong>, cient\u00edfico espa\u00f1ol cuyo genio fue reconocido con el Premio Nobel de Medicina. Fue un trabajador incansable del conocimiento, pionero en la neurociencia, y ejemplo de c\u00f3mo el trabajo intelectual tambi\u00e9n transforma al mundo.<\/p>\n\n\n\n<p>En el lado m\u00e1s oscuro de la historia, el <strong>1 de mayo de 1945<\/strong>, el mundo presenci\u00f3 el suicidio de <strong>Joseph Goebbels<\/strong>, ministro de propaganda nazi, y de <strong>Magda Goebbels<\/strong>, su esposa, quienes eligieron morir antes que enfrentar la ca\u00edda del Tercer Reich. Aquella fecha simboliz\u00f3 el derrumbe de uno de los reg\u00edmenes m\u00e1s oscuros del siglo XX y el fin de una ideolog\u00eda que despreciaba tanto el trabajo como la vida humana.<\/p>\n\n\n\n<p>Y como contraste, en un 1 de mayo pero de <strong>1931<\/strong>, Nueva York celebraba la <strong>inauguraci\u00f3n del Empire State Building<\/strong>, \u00edcono del progreso y s\u00edmbolo del trabajo colectivo de miles de obreros que lo construyeron en medio de la Gran Depresi\u00f3n, muchos de ellos inmigrantes que apostaban su vida a cada altura.<\/p>\n\n\n\n<p>As\u00ed, el primero de mayo es m\u00e1s que una fecha: es una encrucijada donde convergen el sudor del obrero, los libros de los pensadores, los h\u00e9roes cient\u00edficos, los colapsos de imperios y los rascacielos que rasgan el cielo. Es el recuerdo vivo de que trabajar tambi\u00e9n es construir memoria, y que la dignidad laboral no se mendiga, se conquista.<\/p>\n\n\n\n<figure class=\"wp-block-embed is-type-video is-provider-youtube wp-block-embed-youtube wp-embed-aspect-16-9 wp-has-aspect-ratio\"><div class=\"wp-block-embed__wrapper\">\n<div class=\"ast-oembed-container \" style=\"height: 100%;\"><iframe title=\"UTC: Desde La Biblioteca\" width=\"500\" height=\"281\" src=\"https:\/\/www.youtube.com\/embed\/6Q9-1JXFiO0?feature=oembed\" frameborder=\"0\" allow=\"accelerometer; autoplay; clipboard-write; encrypted-media; gyroscope; picture-in-picture; web-share\" referrerpolicy=\"strict-origin-when-cross-origin\" allowfullscreen><\/iframe><\/div>\n<\/div><\/figure>\n","protected":false},"excerpt":{"rendered":"<p>Cada primero de mayo, las calles del mundo se visten de lucha y de dignidad. El D\u00eda Internacional del Trabajador [&hellip;]<\/p>\n","protected":false},"author":1,"featured_media":2062,"comment_status":"open","ping_status":"open","sticky":false,"template":"","format":"standard","meta":{"_eb_attr":"","site-sidebar-layout":"default","site-content-layout":"","ast-site-content-layout":"","site-content-style":"default","site-sidebar-style":"default","ast-global-header-display":"","ast-banner-title-visibility":"","ast-main-header-display":"","ast-hfb-above-header-display":"","ast-hfb-below-header-display":"","ast-hfb-mobile-header-display":"","site-post-title":"","ast-breadcrumbs-content":"","ast-featured-img":"","footer-sml-layout":"","theme-transparent-header-meta":"","adv-header-id-meta":"","stick-header-meta":"","header-above-stick-meta":"","header-main-stick-meta":"","header-below-stick-meta":"","astra-migrate-meta-layouts":"default","ast-page-background-enabled":"default","ast-page-background-meta":{"desktop":{"background-color":"var(--ast-global-color-4)","background-image":"","background-repeat":"repeat","background-position":"center center","background-size":"auto","background-attachment":"scroll","background-type":"","background-media":"","overlay-type":"","overlay-color":"","overlay-opacity":"","overlay-gradient":""},"tablet":{"background-color":"","background-image":"","background-repeat":"repeat","background-position":"center center","background-size":"auto","background-attachment":"scroll","background-type":"","background-media":"","overlay-type":"","overlay-color":"","overlay-opacity":"","overlay-gradient":""},"mobile":{"background-color":"","background-image":"","background-repeat":"repeat","background-position":"center center","background-size":"auto","background-attachment":"scroll","background-type":"","background-media":"","overlay-type":"","overlay-color":"","overlay-opacity":"","overlay-gradient":""}},"ast-content-background-meta":{"desktop":{"background-color":"var(--ast-global-color-5)","background-image":"","background-repeat":"repeat","background-position":"center center","background-size":"auto","background-attachment":"scroll","background-type":"","background-media":"","overlay-type":"","overlay-color":"","overlay-opacity":"","overlay-gradient":""},"tablet":{"background-color":"var(--ast-global-color-5)","background-image":"","background-repeat":"repeat","background-position":"center center","background-size":"auto","background-attachment":"scroll","background-type":"","background-media":"","overlay-type":"","overlay-color":"","overlay-opacity":"","overlay-gradient":""},"mobile":{"background-color":"var(--ast-global-color-5)","background-image":"","background-repeat":"repeat","background-position":"center center","background-size":"auto","background-attachment":"scroll","background-type":"","background-media":"","overlay-type":"","overlay-color":"","overlay-opacity":"","overlay-gradient":""}},"footnotes":""},"categories":[62,1],"tags":[],"class_list":["post-2061","post","type-post","status-publish","format-standard","has-post-thumbnail","hentry","category-efemerides","category-informacion-general"],"_links":{"self":[{"href":"https:\/\/biblioteca.utc.edu.ec\/index.php?rest_route=\/wp\/v2\/posts\/2061","targetHints":{"allow":["GET"]}}],"collection":[{"href":"https:\/\/biblioteca.utc.edu.ec\/index.php?rest_route=\/wp\/v2\/posts"}],"about":[{"href":"https:\/\/biblioteca.utc.edu.ec\/index.php?rest_route=\/wp\/v2\/types\/post"}],"author":[{"embeddable":true,"href":"https:\/\/biblioteca.utc.edu.ec\/index.php?rest_route=\/wp\/v2\/users\/1"}],"replies":[{"embeddable":true,"href":"https:\/\/biblioteca.utc.edu.ec\/index.php?rest_route=%2Fwp%2Fv2%2Fcomments&post=2061"}],"version-history":[{"count":2,"href":"https:\/\/biblioteca.utc.edu.ec\/index.php?rest_route=\/wp\/v2\/posts\/2061\/revisions"}],"predecessor-version":[{"id":2064,"href":"https:\/\/biblioteca.utc.edu.ec\/index.php?rest_route=\/wp\/v2\/posts\/2061\/revisions\/2064"}],"wp:featuredmedia":[{"embeddable":true,"href":"https:\/\/biblioteca.utc.edu.ec\/index.php?rest_route=\/wp\/v2\/media\/2062"}],"wp:attachment":[{"href":"https:\/\/biblioteca.utc.edu.ec\/index.php?rest_route=%2Fwp%2Fv2%2Fmedia&parent=2061"}],"wp:term":[{"taxonomy":"category","embeddable":true,"href":"https:\/\/biblioteca.utc.edu.ec\/index.php?rest_route=%2Fwp%2Fv2%2Fcategories&post=2061"},{"taxonomy":"post_tag","embeddable":true,"href":"https:\/\/biblioteca.utc.edu.ec\/index.php?rest_route=%2Fwp%2Fv2%2Ftags&post=2061"}],"curies":[{"name":"wp","href":"https:\/\/api.w.org\/{rel}","templated":true}]}}