{"id":2133,"date":"2025-05-15T10:46:20","date_gmt":"2025-05-15T15:46:20","guid":{"rendered":"https:\/\/biblioteca.utc.edu.ec\/?p=2133"},"modified":"2025-05-15T11:17:40","modified_gmt":"2025-05-15T16:17:40","slug":"15-de-mayo-dia-internacional-de-la-familia","status":"publish","type":"post","link":"https:\/\/biblioteca.utc.edu.ec\/?p=2133","title":{"rendered":"15 de mayo d\u00eda internacional de la familia"},"content":{"rendered":"\n<figure class=\"wp-block-image size-large\"><img fetchpriority=\"high\" decoding=\"async\" width=\"1024\" height=\"640\" src=\"https:\/\/biblioteca.utc.edu.ec\/wp-content\/uploads\/2025\/05\/Internationa_Family_Day-1024x640.png\" alt=\"\" class=\"wp-image-2134\" srcset=\"https:\/\/biblioteca.utc.edu.ec\/wp-content\/uploads\/2025\/05\/Internationa_Family_Day-1024x640.png 1024w, https:\/\/biblioteca.utc.edu.ec\/wp-content\/uploads\/2025\/05\/Internationa_Family_Day-300x188.png 300w, https:\/\/biblioteca.utc.edu.ec\/wp-content\/uploads\/2025\/05\/Internationa_Family_Day-768x480.png 768w, https:\/\/biblioteca.utc.edu.ec\/wp-content\/uploads\/2025\/05\/Internationa_Family_Day-1536x960.png 1536w, https:\/\/biblioteca.utc.edu.ec\/wp-content\/uploads\/2025\/05\/Internationa_Family_Day.png 1920w\" sizes=\"(max-width: 1024px) 100vw, 1024px\" \/><\/figure>\n\n\n\n<p>El D\u00eda Internacional de las Familias se celebra el 15 de mayo de cada a\u00f1o para crear conciencia sobre el papel fundamental de las familias en la educaci\u00f3n de los hijos desde la primera infancia, y las oportunidades de aprendizaje permanente que existen para los ni\u00f1os y las ni\u00f1as y los j\u00f3venes.<\/p>\n\n\n\n<p>A pesar de que el concepto de familia se ha transformado en las \u00faltimas d\u00e9cadas, evolucionando de acuerdo a las tendencias mundiales y los cambios demogr\u00e1ficos, las Naciones Unidas consideran que la familia constituye la unidad b\u00e1sica de la sociedad. En este contexto, el D\u00eda Internacional de las Familias nos da la oportunidad de reconocer, identificar y analizar cuestiones sociales, econ\u00f3micas y demogr\u00e1ficas que afectan a su desarrollo y evoluci\u00f3n. Por este motivo, para celebrar este d\u00eda se organizan actividades, tales como talleres, conferencias, programas de radio y televisi\u00f3n, entre otros, con el objetivo de fomentar y favorecer el mantenimiento y la mejora de la unidad familiar.<\/p>\n\n\n\n<p>En la d\u00e9cada de los ochenta, las Naciones Unidas comenzaron a centrarse en temas relacionados con la familia. En 1983, siguiendo las recomendaciones del&nbsp;<a href=\"https:\/\/www.un.org\/ecosoc\/es\">Consejo Econ\u00f3mico y Social<\/a>, la Comisi\u00f3n de Desarrollo Social, a trav\u00e9s de su resoluci\u00f3n 1983\/23 sobre la funci\u00f3n de la familia en el proceso de desarrollo, pidi\u00f3 al Secretario General que promoviera \u00abentre los encargados de adoptar decisiones y el p\u00fablico una mayor conciencia de los problemas y las necesidades de la familia, as\u00ed como de las formas eficaces de satisfacer dichas necesidades\u00bb.<\/p>\n\n\n\n<p>M\u00e1s tarde el Consejo, en su resoluci\u00f3n 1985\/29, pidi\u00f3 a la Asamblea General que considerara la posibilidad de incluir en su programa provisional para el cuadrag\u00e9simo primero periodo de sesiones el tema titulado \u00abLas familias en el proceso de desarrollo\u00bb, con la idea de pedir al Secretario General que iniciase un proceso para&nbsp;crear conciencia sobre este asunto entre los gobiernos, las organizaciones intergubernamentales y no gubernamentales, y la opini\u00f3n p\u00fablica. A continuaci\u00f3n, atendiendo a las recomendaciones de la Comisi\u00f3n de Desarrollo Social formulada en su trig\u00e9simo periodo de sesiones, la Asamblea invit\u00f3 a los Estados Miembros a que manifestaran su parecer acerca de la posible proclamaci\u00f3n de un a\u00f1o internacional de la familia y formulasen observaciones y propuestas al respecto. El Consejo tambi\u00e9n pidi\u00f3 al Secretario General que presentara ante la Asamblea en su cuadrag\u00e9simo tercer periodo de sesiones un informe general, basado en las observaciones y propuestas de los Estados Miembros, sobre la proclamaci\u00f3n del a\u00f1o y otras medidas para mejorar la situaci\u00f3n y el bienestar de las familias e intensificar la cooperaci\u00f3n internacional como parte de los esfuerzos mundiales para favorecer el progreso y desarrollo en lo social.<\/p>\n\n\n\n<p>Finalmente, en su&nbsp;<a href=\"https:\/\/undocs.org\/es\/A\/RES\/44\/82\">resoluci\u00f3n 44\/82<\/a>&nbsp;el 9 de diciembre de 1989, la Asamblea General proclam\u00f3 el A\u00f1o Internacional de la Familia. M\u00e1s tarde, en 1993, con la resoluci\u00f3n&nbsp;<a href=\"https:\/\/undocs.org\/es\/A\/RES\/47\/237\">A\/RES\/47\/237<\/a>, decidi\u00f3 celebrar el D\u00eda Internacional de la Familia cada 15 de mayo, con el fin de dar a conocer la cuestiones relativas a las familias y reflexionar acerca de c\u00f3mo les afectan los procesos sociales, econ\u00f3micos y demogr\u00e1ficos.<\/p>\n\n\n\n<p>El 25 de septiembre de 2015, los 193 Estados Miembros adoptaron por unanimidad los&nbsp;<a href=\"http:\/\/www.un.org\/sustainabledevelopment\/es\/objetivos-de-desarrollo-sostenible\/\">Objetivos de Desarrollo Sostenible<\/a>, un conjunto de 17 objetivos dirigidos a erradicar la pobreza, la discriminaci\u00f3n, los abusos y las muertes prevenibles, abordar la destrucci\u00f3n del medio ambiente e iniciar una era de desarrollo para todos los habitantes del planeta. Las familias y las pol\u00edticas que se ocupan de las cuestiones que les afectan son claves para la consecuci\u00f3n de muchos de estos objetivos.<\/p>\n\n\n\n<p>Fuente: <a href=\"https:\/\/www.un.org\/es\/observances\/international-day-of-families\">https:\/\/www.un.org\/es\/observances\/international-day-of-families<\/a><\/p>\n\n\n\n<iframe src=\"https:\/\/www.facebook.com\/plugins\/video.php?height=314&#038;href=https%3A%2F%2Fwww.facebook.com%2Fbibliotecautc%2Fvideos%2F684745811023177%2F&#038;show_text=false&#038;width=560&#038;t=0\" width=\"560\" height=\"314\" style=\"border:none;overflow:hidden\" scrolling=\"no\" frameborder=\"0\" allowfullscreen=\"true\" allow=\"autoplay; clipboard-write; encrypted-media; picture-in-picture; web-share\" allowFullScreen=\"true\"><\/iframe>\n","protected":false},"excerpt":{"rendered":"<p>El D\u00eda Internacional de las Familias se celebra el 15 de mayo de cada a\u00f1o para crear conciencia sobre el [&hellip;]<\/p>\n","protected":false},"author":1,"featured_media":2134,"comment_status":"open","ping_status":"open","sticky":false,"template":"","format":"standard","meta":{"_eb_attr":"","site-sidebar-layout":"default","site-content-layout":"","ast-site-content-layout":"","site-content-style":"default","site-sidebar-style":"default","ast-global-header-display":"","ast-banner-title-visibility":"","ast-main-header-display":"","ast-hfb-above-header-display":"","ast-hfb-below-header-display":"","ast-hfb-mobile-header-display":"","site-post-title":"","ast-breadcrumbs-content":"","ast-featured-img":"","footer-sml-layout":"","theme-transparent-header-meta":"","adv-header-id-meta":"","stick-header-meta":"","header-above-stick-meta":"","header-main-stick-meta":"","header-below-stick-meta":"","astra-migrate-meta-layouts":"default","ast-page-background-enabled":"default","ast-page-background-meta":{"desktop":{"background-color":"var(--ast-global-color-4)","background-image":"","background-repeat":"repeat","background-position":"center center","background-size":"auto","background-attachment":"scroll","background-type":"","background-media":"","overlay-type":"","overlay-color":"","overlay-opacity":"","overlay-gradient":""},"tablet":{"background-color":"","background-image":"","background-repeat":"repeat","background-position":"center center","background-size":"auto","background-attachment":"scroll","background-type":"","background-media":"","overlay-type":"","overlay-color":"","overlay-opacity":"","overlay-gradient":""},"mobile":{"background-color":"","background-image":"","background-repeat":"repeat","background-position":"center center","background-size":"auto","background-attachment":"scroll","background-type":"","background-media":"","overlay-type":"","overlay-color":"","overlay-opacity":"","overlay-gradient":""}},"ast-content-background-meta":{"desktop":{"background-color":"var(--ast-global-color-5)","background-image":"","background-repeat":"repeat","background-position":"center center","background-size":"auto","background-attachment":"scroll","background-type":"","background-media":"","overlay-type":"","overlay-color":"","overlay-opacity":"","overlay-gradient":""},"tablet":{"background-color":"var(--ast-global-color-5)","background-image":"","background-repeat":"repeat","background-position":"center center","background-size":"auto","background-attachment":"scroll","background-type":"","background-media":"","overlay-type":"","overlay-color":"","overlay-opacity":"","overlay-gradient":""},"mobile":{"background-color":"var(--ast-global-color-5)","background-image":"","background-repeat":"repeat","background-position":"center center","background-size":"auto","background-attachment":"scroll","background-type":"","background-media":"","overlay-type":"","overlay-color":"","overlay-opacity":"","overlay-gradient":""}},"footnotes":""},"categories":[62],"tags":[],"class_list":["post-2133","post","type-post","status-publish","format-standard","has-post-thumbnail","hentry","category-efemerides"],"_links":{"self":[{"href":"https:\/\/biblioteca.utc.edu.ec\/index.php?rest_route=\/wp\/v2\/posts\/2133","targetHints":{"allow":["GET"]}}],"collection":[{"href":"https:\/\/biblioteca.utc.edu.ec\/index.php?rest_route=\/wp\/v2\/posts"}],"about":[{"href":"https:\/\/biblioteca.utc.edu.ec\/index.php?rest_route=\/wp\/v2\/types\/post"}],"author":[{"embeddable":true,"href":"https:\/\/biblioteca.utc.edu.ec\/index.php?rest_route=\/wp\/v2\/users\/1"}],"replies":[{"embeddable":true,"href":"https:\/\/biblioteca.utc.edu.ec\/index.php?rest_route=%2Fwp%2Fv2%2Fcomments&post=2133"}],"version-history":[{"count":4,"href":"https:\/\/biblioteca.utc.edu.ec\/index.php?rest_route=\/wp\/v2\/posts\/2133\/revisions"}],"predecessor-version":[{"id":2138,"href":"https:\/\/biblioteca.utc.edu.ec\/index.php?rest_route=\/wp\/v2\/posts\/2133\/revisions\/2138"}],"wp:featuredmedia":[{"embeddable":true,"href":"https:\/\/biblioteca.utc.edu.ec\/index.php?rest_route=\/wp\/v2\/media\/2134"}],"wp:attachment":[{"href":"https:\/\/biblioteca.utc.edu.ec\/index.php?rest_route=%2Fwp%2Fv2%2Fmedia&parent=2133"}],"wp:term":[{"taxonomy":"category","embeddable":true,"href":"https:\/\/biblioteca.utc.edu.ec\/index.php?rest_route=%2Fwp%2Fv2%2Fcategories&post=2133"},{"taxonomy":"post_tag","embeddable":true,"href":"https:\/\/biblioteca.utc.edu.ec\/index.php?rest_route=%2Fwp%2Fv2%2Ftags&post=2133"}],"curies":[{"name":"wp","href":"https:\/\/api.w.org\/{rel}","templated":true}]}}