{"id":2176,"date":"2025-06-04T08:23:23","date_gmt":"2025-06-04T13:23:23","guid":{"rendered":"https:\/\/biblioteca.utc.edu.ec\/?p=2176"},"modified":"2025-06-04T09:17:30","modified_gmt":"2025-06-04T14:17:30","slug":"4-de-junio-memoria-y-arte-en-la-historia-ecuatoriana","status":"publish","type":"post","link":"https:\/\/biblioteca.utc.edu.ec\/?p=2176","title":{"rendered":"4 de junio: Memoria y arte en la historia ecuatoriana"},"content":{"rendered":"\n<iframe src=\"https:\/\/www.facebook.com\/plugins\/video.php?height=314&#038;href=https%3A%2F%2Fwww.facebook.com%2Fbibliotecautc%2Fvideos%2F1040719967636340%2F&#038;show_text=false&#038;width=560&#038;t=0\" width=\"560\" height=\"314\" style=\"border:none;overflow:hidden\" scrolling=\"no\" frameborder=\"0\" allowfullscreen=\"true\" allow=\"autoplay; clipboard-write; encrypted-media; picture-in-picture; web-share\" allowFullScreen=\"true\"><\/iframe>\n\n\n\n<p>Cada 4 de junio, Ecuador recuerda dos hitos fundamentales que marcan su identidad nacional: el asesinato del Gran Mariscal Antonio Jos\u00e9 de Sucre en 1830 y la celebraci\u00f3n del D\u00eda del Artista Ecuatoriano desde 1930. Ambos eventos, aunque distintos en naturaleza, convergen en la memoria colectiva como s\u00edmbolos de lucha, libertad y expresi\u00f3n cultural.<\/p>\n\n\n\n<hr class=\"wp-block-separator has-alpha-channel-opacity\"\/>\n\n\n\n<h3 class=\"wp-block-heading\">El asesinato de Sucre: una herida en la historia americana<\/h3>\n\n\n\n<figure class=\"wp-block-image size-large\"><img decoding=\"async\" src=\"https:\/\/www.mincultura.gob.ve\/wp-content\/uploads\/2022\/06\/Muerte_de_Sucre_en_Berruecos_1895_by_Arturo_Michelena-680x460-1.jpg\" alt=\"\"\/><\/figure>\n\n\n\n<p>El 4 de junio de 1830, Antonio Jos\u00e9 de Sucre, pr\u00f3cer de la independencia sudamericana y figura clave en la consolidaci\u00f3n de la Gran Colombia, fue emboscado y asesinado en las monta\u00f1as de Berruecos, Colombia. Su muerte, perpetrada por \u00f3rdenes de sectores contrarios a la unidad bolivariana, represent\u00f3 un duro golpe para los ideales de integraci\u00f3n y libertad que \u00e9l defend\u00eda. El legado de Sucre perdura en la memoria de los pueblos que lucharon por su emancipaci\u00f3n.<\/p>\n\n\n\n<p>Para m\u00e1s informaci\u00f3n: <a class=\"\" href=\"https:\/\/www.enciclopediadelecuador.com\/asesinato-del-gral-sucre\/\">Asesinato del Gral. Sucre<\/a><\/p>\n\n\n\n<hr class=\"wp-block-separator has-alpha-channel-opacity\"\/>\n\n\n\n<h3 class=\"wp-block-heading\">D\u00eda del Artista Ecuatoriano: un homenaje a la cultura nacional<\/h3>\n\n\n\n<figure class=\"wp-block-image size-large\"><img decoding=\"async\" src=\"https:\/\/imagenes.extra.ec\/files\/image_780_477\/uploads\/2024\/06\/04\/665f4366bf9a3.jpeg\" alt=\"\"\/><\/figure>\n\n\n\n<p>El 4 de junio de 1930, el D\u00fao Ecuador, conformado por Nicasio Safadi y Enrique Ib\u00e1\u00f1ez Mora, emprendi\u00f3 un viaje hist\u00f3rico desde Guayaquil hacia Nueva York, con el objetivo de grabar las primeras canciones ecuatorianas en formato fonogr\u00e1fico. Impulsados por el productor Jos\u00e9 Domingo Feraud Guzm\u00e1n, lograron registrar temas como \u00abGuayaquil de mis amores\u00bb, marcando un hito en la difusi\u00f3n de la m\u00fasica nacional. Desde entonces, cada 4 de junio se celebra el D\u00eda del Artista Ecuatoriano, reconociendo el aporte invaluable de quienes enriquecen el patrimonio cultural del pa\u00eds.<\/p>\n\n\n\n<p>Para m\u00e1s informaci\u00f3n: <a>D\u00eda del Artista Ecuatoriano<\/a><\/p>\n\n\n\n<hr class=\"wp-block-separator has-alpha-channel-opacity\"\/>\n\n\n\n<h3 class=\"wp-block-heading\">La Biblioteca de la Universidad T\u00e9cnica de Cotopaxi: guardiana de la memoria<\/h3>\n\n\n\n<figure class=\"wp-block-image size-full\"><img fetchpriority=\"high\" decoding=\"async\" width=\"760\" height=\"162\" src=\"https:\/\/biblioteca.utc.edu.ec\/wp-content\/uploads\/2024\/08\/Imagen_biblioteca.png\" alt=\"\" class=\"wp-image-546\" srcset=\"https:\/\/biblioteca.utc.edu.ec\/wp-content\/uploads\/2024\/08\/Imagen_biblioteca.png 760w, https:\/\/biblioteca.utc.edu.ec\/wp-content\/uploads\/2024\/08\/Imagen_biblioteca-300x64.png 300w\" sizes=\"(max-width: 760px) 100vw, 760px\" \/><\/figure>\n\n\n\n<p>En la Biblioteca de la Universidad T\u00e9cnica de Cotopaxi, estos acontecimientos son m\u00e1s que fechas en el calendario; son testimonios vivos que inspiran a estudiantes y docentes a profundizar en la historia y la cultura ecuatoriana. A trav\u00e9s de colecciones bibliogr\u00e1ficas, exposiciones y actividades acad\u00e9micas, la biblioteca se convierte en un espacio de reflexi\u00f3n y aprendizaje, promoviendo el conocimiento y la valoraci\u00f3n de nuestras ra\u00edces.<\/p>\n\n\n\n<hr class=\"wp-block-separator has-alpha-channel-opacity\"\/>\n\n\n\n<p>Este 4 de junio, invitamos a la comunidad universitaria y al p\u00fablico en general a recordar y honrar estos momentos significativos, reconociendo su impacto en la construcci\u00f3n de nuestra identidad nacional.<\/p>\n","protected":false},"excerpt":{"rendered":"<p>Cada 4 de junio, Ecuador recuerda dos hitos fundamentales que marcan su identidad nacional: el asesinato del Gran Mariscal Antonio [&hellip;]<\/p>\n","protected":false},"author":1,"featured_media":2177,"comment_status":"open","ping_status":"open","sticky":false,"template":"","format":"standard","meta":{"_eb_attr":"","site-sidebar-layout":"default","site-content-layout":"","ast-site-content-layout":"","site-content-style":"default","site-sidebar-style":"default","ast-global-header-display":"","ast-banner-title-visibility":"","ast-main-header-display":"","ast-hfb-above-header-display":"","ast-hfb-below-header-display":"","ast-hfb-mobile-header-display":"","site-post-title":"","ast-breadcrumbs-content":"","ast-featured-img":"","footer-sml-layout":"","theme-transparent-header-meta":"","adv-header-id-meta":"","stick-header-meta":"","header-above-stick-meta":"","header-main-stick-meta":"","header-below-stick-meta":"","astra-migrate-meta-layouts":"default","ast-page-background-enabled":"default","ast-page-background-meta":{"desktop":{"background-color":"var(--ast-global-color-4)","background-image":"","background-repeat":"repeat","background-position":"center center","background-size":"auto","background-attachment":"scroll","background-type":"","background-media":"","overlay-type":"","overlay-color":"","overlay-opacity":"","overlay-gradient":""},"tablet":{"background-color":"","background-image":"","background-repeat":"repeat","background-position":"center center","background-size":"auto","background-attachment":"scroll","background-type":"","background-media":"","overlay-type":"","overlay-color":"","overlay-opacity":"","overlay-gradient":""},"mobile":{"background-color":"","background-image":"","background-repeat":"repeat","background-position":"center center","background-size":"auto","background-attachment":"scroll","background-type":"","background-media":"","overlay-type":"","overlay-color":"","overlay-opacity":"","overlay-gradient":""}},"ast-content-background-meta":{"desktop":{"background-color":"var(--ast-global-color-5)","background-image":"","background-repeat":"repeat","background-position":"center center","background-size":"auto","background-attachment":"scroll","background-type":"","background-media":"","overlay-type":"","overlay-color":"","overlay-opacity":"","overlay-gradient":""},"tablet":{"background-color":"var(--ast-global-color-5)","background-image":"","background-repeat":"repeat","background-position":"center center","background-size":"auto","background-attachment":"scroll","background-type":"","background-media":"","overlay-type":"","overlay-color":"","overlay-opacity":"","overlay-gradient":""},"mobile":{"background-color":"var(--ast-global-color-5)","background-image":"","background-repeat":"repeat","background-position":"center center","background-size":"auto","background-attachment":"scroll","background-type":"","background-media":"","overlay-type":"","overlay-color":"","overlay-opacity":"","overlay-gradient":""}},"footnotes":""},"categories":[62],"tags":[],"class_list":["post-2176","post","type-post","status-publish","format-standard","has-post-thumbnail","hentry","category-efemerides"],"_links":{"self":[{"href":"https:\/\/biblioteca.utc.edu.ec\/index.php?rest_route=\/wp\/v2\/posts\/2176","targetHints":{"allow":["GET"]}}],"collection":[{"href":"https:\/\/biblioteca.utc.edu.ec\/index.php?rest_route=\/wp\/v2\/posts"}],"about":[{"href":"https:\/\/biblioteca.utc.edu.ec\/index.php?rest_route=\/wp\/v2\/types\/post"}],"author":[{"embeddable":true,"href":"https:\/\/biblioteca.utc.edu.ec\/index.php?rest_route=\/wp\/v2\/users\/1"}],"replies":[{"embeddable":true,"href":"https:\/\/biblioteca.utc.edu.ec\/index.php?rest_route=%2Fwp%2Fv2%2Fcomments&post=2176"}],"version-history":[{"count":3,"href":"https:\/\/biblioteca.utc.edu.ec\/index.php?rest_route=\/wp\/v2\/posts\/2176\/revisions"}],"predecessor-version":[{"id":2205,"href":"https:\/\/biblioteca.utc.edu.ec\/index.php?rest_route=\/wp\/v2\/posts\/2176\/revisions\/2205"}],"wp:featuredmedia":[{"embeddable":true,"href":"https:\/\/biblioteca.utc.edu.ec\/index.php?rest_route=\/wp\/v2\/media\/2177"}],"wp:attachment":[{"href":"https:\/\/biblioteca.utc.edu.ec\/index.php?rest_route=%2Fwp%2Fv2%2Fmedia&parent=2176"}],"wp:term":[{"taxonomy":"category","embeddable":true,"href":"https:\/\/biblioteca.utc.edu.ec\/index.php?rest_route=%2Fwp%2Fv2%2Fcategories&post=2176"},{"taxonomy":"post_tag","embeddable":true,"href":"https:\/\/biblioteca.utc.edu.ec\/index.php?rest_route=%2Fwp%2Fv2%2Ftags&post=2176"}],"curies":[{"name":"wp","href":"https:\/\/api.w.org\/{rel}","templated":true}]}}